{"id":944,"date":"2026-04-27T16:32:53","date_gmt":"2026-04-27T13:32:53","guid":{"rendered":"https:\/\/beylikduzurehber.com\/?p=944"},"modified":"2026-04-28T23:12:14","modified_gmt":"2026-04-28T20:12:14","slug":"gencler-benim-kirmizi-cizgim","status":"publish","type":"post","link":"https:\/\/beylikduzurehber.com\/index.php\/2026\/04\/27\/gencler-benim-kirmizi-cizgim\/","title":{"rendered":"Gen\u00e7ler Benim K\u0131rm\u0131z\u0131 \u00c7izgim!"},"content":{"rendered":"\n<p><strong>H<\/strong><strong>atay\u2019dan \u0130stanbul\u2019a uzanan bir ba\u015far\u0131 hikayesi\u2026 Aile ba\u011flar\u0131, birlik ve beraberlik, m\u00fccadele ve istikrarl\u0131 b\u00fcy\u00fcme\u2026 Emre R\u0131dvano\u011fullar\u0131 ile hem hayat yolculu\u011funu hem de i\u015f d\u00fcnyas\u0131ndaki tecr\u00fcbelerini konu\u015ftuk.<\/strong><\/p>\n\n\n\n<p><strong>\u201cVatan hepimizindir. Seksen alt\u0131 milyon hepimizindir.<\/strong><\/p>\n\n\n\n<p>Ben Hatay Medeniyetler Federasyonu Ba\u015fkan\u0131 olarak, R\u0131dvano\u011fullar\u0131 \u015eirketler Grubu Y\u00f6netim Kurulu Ba\u015fkan\u0131 olarak, bir i\u015f adam\u0131 olarak, bir Hatayl\u0131 olarak, bir T\u00fcrkiye vatanda\u015f\u0131 olarak; seksen alt\u0131 milyon n\u00fcfusumuzla bir olup, birlik olup, birlikte bu vatan\u0131m\u0131za sahip olmam\u0131z laz\u0131m.<\/p>\n\n\n\n<p>Her birimizin a\u015fkla bakmas\u0131 laz\u0131m. Sevdayla, a\u015fkla bayra\u011f\u0131m\u0131za sar\u0131lmam\u0131z laz\u0131m. Bizim bir tek vatan\u0131m\u0131z var, bir tek bayra\u011f\u0131m\u0131z var; o da T\u00fcrkiye Cumhuriyeti\u2019dir.<\/p>\n\n\n\n<p>K\u00f6keni ne olursa olsun, dini ne olursa olsun hep karde\u015f\u00e7e ya\u015famam\u0131z laz\u0131m. Birlik ve beraberlik i\u00e7inde ya\u015famam\u0131z laz\u0131m. Bizim federasyon kurmam\u0131z\u0131n sebebi de Hatay Medeniyetler Federasyonu\u2019dur. Medeniyet; bunun i\u00e7inde be\u015f alt\u0131 tane mezhep, din var ama hi\u00e7biri birbirinden ayr\u0131 de\u011fil, hepimiz biriz.<\/p>\n\n\n\n<p>T\u00fcrkiye Cumhuriyeti\u2019ne lay\u0131k olmak zorunday\u0131z, sahip \u00e7\u0131kmak zorunday\u0131z. En sonunda \u00fclkemizi \u00e7ok sevmek zorunday\u0131z. Gen\u00e7lere \u00e7ok \u00f6nem vermemiz laz\u0131m. E\u011fitime, bilime, \u00f6\u011fretime \u00e7ok \u00f6nem vermemiz laz\u0131m.<\/p>\n\n\n\n<p>Ne varsa gen\u00e7lerde var.\u201d<\/p>\n\n\n\n<p><strong>Sizi biraz tan\u0131yabilir miyiz? Hayat hikayeniz nas\u0131l ba\u015flad\u0131?<\/strong><\/p>\n\n\n\n<p>Ben 7 k\u0131z, 4 erkekli bir ailenin en k\u00fc\u00e7\u00fck ferdiyim. Hatay Samanda\u011fl\u0131y\u0131m, 1973 do\u011fumluyum. Herkesin hayat\u0131 gibi bizim de ini\u015fli \u00e7\u0131k\u0131\u015fl\u0131 bir hikayemiz var. 1992 y\u0131l\u0131nda Arabistan\u2019a gittim ve in\u015faat sekt\u00f6r\u00fcnde \u00e7al\u0131\u015ft\u0131m. Daha sonra sa\u011fl\u0131k sorunlar\u0131 nedeniyle T\u00fcrkiye\u2019ye d\u00f6nd\u00fcm. Ailemle birlikte R\u0131dvano\u011fullar\u0131 Ltd. \u015eti.\u2019ni kurduk. Hayatta geldi\u011fim noktay\u0131 aileme, abilerime, e\u015fime, \u00e7ocuklar\u0131ma ve dostlar\u0131ma bor\u00e7luyum. \u00c7\u00fcnk\u00fc biz her zaman birlikte hareket ettik.<\/p>\n\n\n\n<p><strong>\u0130\u015f hayat\u0131n\u0131zda d\u00f6n\u00fcm noktalar\u0131 neler oldu?<\/strong><\/p>\n\n\n\n<p>1996 y\u0131l\u0131nda R\u0131dvano\u011fullar\u0131 Lojistik\u2019i kurduk. Bug\u00fcn bakt\u0131\u011f\u0131m\u0131zda 30 y\u0131l ayakta kalabilen firma oran\u0131 \u00e7ok d\u00fc\u015f\u00fck. Biz o y\u00fczde 2,3\u2019l\u00fck dilimin i\u00e7indeyiz. Bu bizim i\u00e7in b\u00fcy\u00fck bir ba\u015far\u0131. Ama bu ba\u015far\u0131 tek ba\u015f\u0131na de\u011fil; ailemin eme\u011fi, sevgisi ve deste\u011fiyle oldu. 1996-2001 y\u0131llar\u0131 aras\u0131nda \u0130srail\u2019de ya\u015fad\u0131m. Orada \u00f6nemli ba\u011flant\u0131lar kurdum ve bu s\u00fcre\u00e7 i\u015f hayat\u0131m\u0131za y\u00f6n verdi. 2001\u2019de T\u00fcrkiye\u2019ye d\u00f6nd\u00fcm.<\/p>\n\n\n\n<p>\u0130<strong>stanbul\u2019a geli\u015f s\u00fcreciniz nas\u0131l oldu?<\/strong><\/p>\n\n\n\n<p>2004 y\u0131l\u0131nda \u0130stanbul\u2019a geldim. \u0130lk olarak Beylikd\u00fcz\u00fc\u2019ne yerle\u015ftim. Ar\u00e7elik ihalesini alarak T\u00fcrkiye genelinde 6-7 y\u0131l hizmet verdim. \u0130lk ba\u015fta tek ba\u015f\u0131ma geldim. \u00c7ocuklar\u0131m\u0131 e\u011fitim s\u00fcre\u00e7leri tamamlanana kadar \u0130stanbul\u2019a getirmedim. \u00d6ncesinde otob\u00fcs sekt\u00f6r\u00fcndeydik, Has Turizm\u2019de yer ald\u0131k. Daha sonra lojisti\u011fe ge\u00e7tik ve bug\u00fcn Avrupa\u2019n\u0131n bir\u00e7ok \u00fclkesine ula\u015fan bir a\u011f kurduk.<\/p>\n\n\n\n<p><strong>Ailenin i\u015f hayat\u0131n\u0131zdaki yeri nedir?<\/strong><\/p>\n\n\n\n<p>Aile bizim i\u00e7in her \u015feydir. Bu ba\u015far\u0131da ailemin \u00e7ok b\u00fcy\u00fck pay\u0131 var. Rahmetli abimden, di\u011fer abilerime, ablalar\u0131ma kadar herkesin eme\u011fi var. E\u015fim, \u00e7ocuklar\u0131m\u2026 Hepsi bu yolculu\u011fun bir par\u00e7as\u0131. B\u00fcy\u00fck o\u011flum Sel\u00e7uk \u015fu an i\u015fin ba\u015f\u0131nda. K\u00fc\u00e7\u00fck o\u011flum Salih de bu yolun i\u00e7inde.<\/p>\n\n\n\n<p><strong>Bizim inanc\u0131m\u0131z \u015fu:<\/strong><\/p>\n\n\n\n<blockquote class=\"wp-block-quote is-layout-flow wp-block-quote-is-layout-flow\">\n<p><strong><em>Birlik ve beraberlikten kuvvet do\u011far.<\/em><\/strong><\/p>\n<\/blockquote>\n\n\n\n<p><strong>B<\/strong><strong>ug\u00fcn hangi alanlarda faaliyet g\u00f6steriyorsunuz?<\/strong><\/p>\n\n\n\n<p>Lojistik ba\u015fta olmak \u00fczere gayrimenkul ve turizm alanlar\u0131nda faaliyet g\u00f6steriyoruz. Avrupa\u2019da g\u00fc\u00e7l\u00fc bir lojistik a\u011f\u0131m\u0131z var. 2025 y\u0131l\u0131nda Dubai\u2019de otomotiv yedek par\u00e7a \u00fczerine yeni bir \u015firket kurduk. Dubai, \u0130ran, G\u00fcrcistan ve T\u00fcrkiye hatt\u0131nda \u00e7al\u0131\u015fmalar ba\u015flatt\u0131k. Ayr\u0131ca devlet projelerinde yer al\u0131yor, ithalat ve ihracat alan\u0131nda \u00e7al\u0131\u015fmalar y\u00fcr\u00fct\u00fcyoruz.<\/p>\n\n\n\n<p><strong>T\u00fcrkiye ve Hatay sizin i\u00e7in ne ifade ediyor?<\/strong><\/p>\n\n\n\n<p>Ben T\u00fcrkiye a\u015f\u0131\u011f\u0131y\u0131m, Hatay sevdal\u0131s\u0131y\u0131m. Samanda\u011f ve Uzunba\u011f benim i\u00e7in \u00e7ok \u00f6zel. Vatan\u0131m\u0131za, bayra\u011f\u0131m\u0131za lay\u0131k olmaya \u00e7al\u0131\u015f\u0131yoruz. Bizim i\u00e7in en \u00f6nemli \u015fey; bu \u00fclkeye de\u011fer katmak, gen\u00e7lere \u00f6rnek olmak.<\/p>\n\n\n\n<p><strong>Gen\u00e7lere vermek istedi\u011finiz mesaj nedir?<\/strong><\/p>\n\n\n\n<p>Gen\u00e7ler bizim gelece\u011fimiz. Ne varsa gen\u00e7lerde var.<\/p>\n\n\n\n<p>E\u011fitime, bilime, \u00e7al\u0131\u015fmaya \u00f6nem versinler. Biz de elimizden geldi\u011fince onlara ilham olmaya \u00e7al\u0131\u015f\u0131yoruz. \u00c7al\u0131\u015farak, \u00fcreterek ve de\u011ferlerimize sahip \u00e7\u0131karak bu \u00fclkeyi daha ileriye ta\u015f\u0131yacak olan yine gen\u00e7lerimizdir.<\/p>\n\n\n\n<p><strong>Sivil toplum \u00e7al\u0131\u015fmalar\u0131n\u0131zdan bahseder misiniz?<\/strong><\/p>\n\n\n\n<p>Daha \u00f6nce Hatay Medeniyetler Derne\u011fi ba\u015fkanl\u0131\u011f\u0131 g\u00f6revini y\u00fcr\u00fctt\u00fcm. Bu g\u00f6revi yakla\u015f\u0131k iki y\u0131l s\u00fcrd\u00fcrd\u00fcm ve ard\u0131ndan arkada\u015flar\u0131ma devrettim. A\u00e7\u0131k\u00e7as\u0131 yo\u011fun bir s\u00fcre\u00e7ti. Sonras\u0131nda 2024 y\u0131l\u0131nda Hatay Medeniyetler Federasyonu\u2019nu kurduk. Hatay ve 15 il\u00e7emizle birlikte federasyon \u00e7at\u0131s\u0131 alt\u0131nda \u00e7al\u0131\u015fmalar\u0131m\u0131z\u0131 s\u00fcrd\u00fcr\u00fcyoruz. Bug\u00fcn federasyon ba\u015fkanl\u0131\u011f\u0131 g\u00f6revini y\u00fcr\u00fct\u00fcyorum. Beni bu g\u00f6reve lay\u0131k g\u00f6ren t\u00fcm arkada\u015flar\u0131ma ve y\u00f6netim kurulu \u00fcyelerimize ayr\u0131 ayr\u0131 te\u015fekk\u00fcr ediyorum. G\u00fczel i\u015fler yap\u0131yoruz, in\u015fallah bundan sonra da ayn\u0131 azimle devam edece\u011fiz.<\/p>\n\n\n\n<p><strong>Hatay Medeniyetler Federasyonu\u2019nun kurulu\u015f amac\u0131 nedir?<\/strong><\/p>\n\n\n\n<p>Hatay dedi\u011finiz zaman medeniyet akla gelir; medeniyet dedi\u011finiz zaman da Hatay\u2026 Bu fikir asl\u0131nda arkada\u015flar\u0131m\u0131zla birlikte ortaya \u00e7\u0131kt\u0131. \u00d6zellikle benim yol arkada\u015f\u0131m, sa\u011f kolum gibi g\u00f6rd\u00fc\u011f\u00fcm, karde\u015fim kadar de\u011fer verdi\u011fim Erdal Sahillio\u011flu ile birlikte bu yola \u00e7\u0131kt\u0131k. \u0130lk hedefimiz Hatayl\u0131 \u00f6\u011frenciler i\u00e7in bir yurt kurmakt\u0131. Ben zaten 15-20 y\u0131ld\u0131r \u00f6\u011frencileri \u00f6nemseyen, destekleyen bir anlay\u0131\u015fa sahibim ve kendi \u015firketim b\u00fcnyesinde de bu y\u00f6nde \u00e7al\u0131\u015fmalar yap\u0131yorum. Daha sonra bu hedefi daha g\u00fc\u00e7l\u00fc bir yap\u0131 alt\u0131nda ger\u00e7ekle\u015ftirmek i\u00e7in Hatay Medeniyetler Federasyonu\u2019nu kurmaya karar verdik. Arkada\u015flar\u0131m beni bu g\u00f6reve lay\u0131k g\u00f6rd\u00fc, ben de Hatay i\u00e7in hi\u00e7bir zaman geri durmad\u0131m.Bug\u00fcn federasyon olarak, y\u00f6netim kurulumuzla birlikte \u00f6\u011frenci yurdu projemizi hayata ge\u00e7irmek i\u00e7in \u00e7al\u0131\u015fmalar\u0131m\u0131za devam ediyoruz.<\/p>\n\n\n\n<p><strong>Gen\u00e7lere bak\u0131\u015f a\u00e7\u0131n\u0131z nedir?<\/strong><\/p>\n\n\n\n<p>Gen\u00e7ler T\u00fcrkiye\u2019nin kurucusu da, teknolojisi de, gelece\u011fi de\u2026 Ne varsa gen\u00e7lerde var. Benim k\u0131rm\u0131z\u0131 \u00e7izgim gen\u00e7lerdir.<\/p>\n\n\n\n<p><strong><a href=\"https:\/\/beylikduzurehber.com\/index.php\/firma-rehberi\/ridvanogullari-sirketler-grubu\/\">F\u0130RMA B\u0130LG\u0130LER\u0130 \u0130\u00c7\u0130N TIKLAYINIZ<\/a><\/strong><\/p>\n","protected":false},"excerpt":{"rendered":"<p>Hatay\u2019dan \u0130stanbul\u2019a uzanan bir ba\u015far\u0131 hikayesi\u2026 Aile&#46;&#46;&#46;<\/p>\n","protected":false},"author":1,"featured_media":945,"comment_status":"open","ping_status":"open","sticky":false,"template":"","format":"video","meta":{"footnotes":""},"categories":[155,1,156],"tags":[227,228,229],"manset":[],"class_list":["post-944","post","type-post","status-publish","format-video","has-post-thumbnail","hentry","category-dernekler","category-haberler","category-roportajlar","tag-emre-ridvanogullari","tag-hatay-medeniyetler-federasyonu","tag-roportaj","post_format-post-format-video"],"_links":{"self":[{"href":"https:\/\/beylikduzurehber.com\/index.php\/wp-json\/wp\/v2\/posts\/944","targetHints":{"allow":["GET"]}}],"collection":[{"href":"https:\/\/beylikduzurehber.com\/index.php\/wp-json\/wp\/v2\/posts"}],"about":[{"href":"https:\/\/beylikduzurehber.com\/index.php\/wp-json\/wp\/v2\/types\/post"}],"author":[{"embeddable":true,"href":"https:\/\/beylikduzurehber.com\/index.php\/wp-json\/wp\/v2\/users\/1"}],"replies":[{"embeddable":true,"href":"https:\/\/beylikduzurehber.com\/index.php\/wp-json\/wp\/v2\/comments?post=944"}],"version-history":[{"count":3,"href":"https:\/\/beylikduzurehber.com\/index.php\/wp-json\/wp\/v2\/posts\/944\/revisions"}],"predecessor-version":[{"id":952,"href":"https:\/\/beylikduzurehber.com\/index.php\/wp-json\/wp\/v2\/posts\/944\/revisions\/952"}],"wp:featuredmedia":[{"embeddable":true,"href":"https:\/\/beylikduzurehber.com\/index.php\/wp-json\/wp\/v2\/media\/945"}],"wp:attachment":[{"href":"https:\/\/beylikduzurehber.com\/index.php\/wp-json\/wp\/v2\/media?parent=944"}],"wp:term":[{"taxonomy":"category","embeddable":true,"href":"https:\/\/beylikduzurehber.com\/index.php\/wp-json\/wp\/v2\/categories?post=944"},{"taxonomy":"post_tag","embeddable":true,"href":"https:\/\/beylikduzurehber.com\/index.php\/wp-json\/wp\/v2\/tags?post=944"},{"taxonomy":"manset","embeddable":true,"href":"https:\/\/beylikduzurehber.com\/index.php\/wp-json\/wp\/v2\/manset?post=944"}],"curies":[{"name":"wp","href":"https:\/\/api.w.org\/{rel}","templated":true}]}}